{"id":309,"date":"2023-12-02T21:29:38","date_gmt":"2023-12-02T21:29:38","guid":{"rendered":"http:\/\/ml.virose.pt\/blogs\/seminar\/?p=309"},"modified":"2023-12-02T21:29:38","modified_gmt":"2023-12-02T21:29:38","slug":"jonathas-de-andrade","status":"publish","type":"post","link":"https:\/\/ml.virose.pt\/blogs\/seminar\/jonathas-de-andrade\/","title":{"rendered":"Jonathas de Andrade"},"content":{"rendered":"<h5 class=\"wp-block-heading\"><strong>Conversa com Jonathas de Andrade<\/strong>\r\nAula Magna da FBAUP, 3\u00ba feira, 05 de Dezembro de 2023\r\n17 h<\/h5>\r\n<!-- \/wp:heading --><!-- wp:paragraph {\"fontSize\":\"large\"} -->\r\n<p class=\"has-large-font-size\">Ser\u00e3o exibidos dois filmes, seguidos de uma conversa com o artista.<\/p>\r\n<!-- \/wp:paragraph --><!-- wp:paragraph -->\r\n\r\n<em><span class=\"\">Jogos Dirigidos\r\n<\/span><\/em><span class=\"\">V\u00eddeo, 2k, 5.1 som, 57 min, 2019.<\/span><br class=\"\" \/><span class=\"\">Comissionado por Museum of Contemporary Art Chicago.\u00a0<\/span><br class=\"\" \/><br class=\"\" \/><span class=\"\"><em>Olho da Rua V\u00eddeo<\/em>\r\n25min, HD, 2022.<\/span><br class=\"\" \/><span class=\"\">Commissioned and produced by Fondazione in Between Art Film.<\/span>\r\n\r\n&nbsp;\r\n\r\nOrg.:\u00a0Instituto de Investiga\u00e7\u00e3o em Arte, Design e Sociedade (i2ADS), Doutoramento em Artes Pl\u00e1sticas (DAP) e Mestrado\u00a0em Arte e Design para o Espa\u00e7o P\u00fablico (MADEP)\r\n\r\n<hr \/>\r\n\r\n<img decoding=\"async\" loading=\"lazy\" class=\"alignnone size-large wp-image-311\" src=\"https:\/\/ml.virose.pt\/blogs\/seminar\/wp-content\/uploads\/2023\/12\/jonathasdeandrade-perfil-creditosjessicabernardo-1184-2-1200x857-1-1024x731.jpg\" alt=\"\" width=\"1024\" height=\"731\" srcset=\"https:\/\/ml.virose.pt\/blogs\/seminar\/wp-content\/uploads\/2023\/12\/jonathasdeandrade-perfil-creditosjessicabernardo-1184-2-1200x857-1-1024x731.jpg 1024w, https:\/\/ml.virose.pt\/blogs\/seminar\/wp-content\/uploads\/2023\/12\/jonathasdeandrade-perfil-creditosjessicabernardo-1184-2-1200x857-1-300x214.jpg 300w, https:\/\/ml.virose.pt\/blogs\/seminar\/wp-content\/uploads\/2023\/12\/jonathasdeandrade-perfil-creditosjessicabernardo-1184-2-1200x857-1-768x548.jpg 768w, https:\/\/ml.virose.pt\/blogs\/seminar\/wp-content\/uploads\/2023\/12\/jonathasdeandrade-perfil-creditosjessicabernardo-1184-2-1200x857-1-150x107.jpg 150w, https:\/\/ml.virose.pt\/blogs\/seminar\/wp-content\/uploads\/2023\/12\/jonathasdeandrade-perfil-creditosjessicabernardo-1184-2-1200x857-1.jpg 1200w\" sizes=\"(max-width: 1024px) 100vw, 1024px\" \/>\r\n\r\n<span class=\"\">\/PT<\/span><br class=\"\" \/><span class=\"\">Jonathas de Andrade nasceu em Macei\u00f3 em 1982, vive e trabalha em Recife, Brasil. Ele desenvolve v\u00eddeos, fotografias e instala\u00e7\u00f5es a partir da produ\u00e7\u00e3o de imagens, utilizando-se de estrat\u00e9gias que misturam fic\u00e7\u00e3o, realidade, tradi\u00e7\u00e3o e colabora\u00e7\u00f5es com grupos de pessoas e comunidades. Entre as exposi\u00e7\u00f5es individuais em que o artista participou, est\u00e3o: Oeil\u2014Flamme, no Maat, Lisboa (2023) e Crac Alsace, Fran\u00e7a (2022); Staging Resistance, no Foam, Amsterdam (2022); One to one, no Museum of Contemporary Art Chicago (2019), bem como no New Museum, Nova York (2017); The Power Plant, Toronto (2017); Museu de Arte do Rio (2014-2015); Entre exposi\u00e7\u00f5es coletivas, seus trabalhos integraram a 16a Bienal de Istambul (2019); MAXXI: National Museum of XXI Century Arts, Rome (2018); 32a Bienal de S\u00e3o Paulo (2016); The Museum of Modern Art MoMA (2015); e Guggenheim Museum, New York (2014). Jonathas de Andrade apresenta projeto individual para o Pavilh\u00e3o do Brasil na 59a Bienal de Veneza (2022).<\/span><br class=\"\" \/><br class=\"\" \/><span class=\"\">\/ENG<\/span><br class=\"\" \/><span class=\"\">Jonathas de Andrade (b. 1982, Macei\u00f3, Brazil) lives and works in Recife, Brazil. He develops videos, photographs and installations based on the production of images and texts, employing strategies that juxtapose fiction and reality, tradition and negotiation with local communities. Parting from the artist&#8217;s interests in social issues, his works cross the field of language and anthropology as aspects that challenge the notion of truth, power, desire and social imaginary. He has held solo exhibitions such as Jonathas de Andrade: Eye\u2013Spark, at Maat, Lisbon (2023) and Crac Alsace, France (2022); Pounce and Bounce at Pinacoteca de S\u00e3o Paulo (2023), In the hangover city, at Mamam, Recife (2023); Staging Resistance, at Foam Amsterdam (2022); One to One, at Museum of Contemporary Art Chicago (2019); The Fish, New Museum, New York (2017); The Power Plant, Toronto (2017); Visiones del Nordeste, Museo Jumex, Mexico City (2017); Museu do Homem do Nordeste, MAR: Museum of Art, Rio de Janeiro (2014-2015), and participated in group exhibitions, such as 16th Istanbul Biennial (2019); Artapes, MAXXI: National Museum of XXI Century Arts, Rome (2018); 32nd Sao Paulo Biennial (2016); Unfinished Conversations: New Work from the Collection, The Museum of Modern Art MoMA (2015); and Under the Same Sun: Art from Latin America Today, Guggenheim Museum, New York (2014). In 2022, Jonathas de Andrade presented a solo project for the Brazilian Pavilion at the 59th Venice Biennale.<\/span>\r\n\r\n<!-- \/wp:paragraph --><!-- wp:separator -->","protected":false},"excerpt":{"rendered":"<p>Conversa com Jonathas de Andrade Aula Magna da FBAUP, 3\u00ba feira, 05 de Dezembro de 2023 17 h Ser\u00e3o exibidos dois filmes, seguidos de uma conversa com o artista. Jogos Dirigidos V\u00eddeo, 2k, 5.1 som, 57 min, 2019.Comissionado por Museum of Contemporary Art Chicago.\u00a0Olho da Rua V\u00eddeo 25min, HD, 2022.Commissioned and produced by Fondazione in&hellip;<\/p>\n","protected":false},"author":1,"featured_media":312,"comment_status":"open","ping_status":"open","sticky":false,"template":"","format":"standard","meta":[],"categories":[1],"tags":[],"_links":{"self":[{"href":"https:\/\/ml.virose.pt\/blogs\/seminar\/wp-json\/wp\/v2\/posts\/309"}],"collection":[{"href":"https:\/\/ml.virose.pt\/blogs\/seminar\/wp-json\/wp\/v2\/posts"}],"about":[{"href":"https:\/\/ml.virose.pt\/blogs\/seminar\/wp-json\/wp\/v2\/types\/post"}],"author":[{"embeddable":true,"href":"https:\/\/ml.virose.pt\/blogs\/seminar\/wp-json\/wp\/v2\/users\/1"}],"replies":[{"embeddable":true,"href":"https:\/\/ml.virose.pt\/blogs\/seminar\/wp-json\/wp\/v2\/comments?post=309"}],"version-history":[{"count":1,"href":"https:\/\/ml.virose.pt\/blogs\/seminar\/wp-json\/wp\/v2\/posts\/309\/revisions"}],"predecessor-version":[{"id":313,"href":"https:\/\/ml.virose.pt\/blogs\/seminar\/wp-json\/wp\/v2\/posts\/309\/revisions\/313"}],"wp:featuredmedia":[{"embeddable":true,"href":"https:\/\/ml.virose.pt\/blogs\/seminar\/wp-json\/wp\/v2\/media\/312"}],"wp:attachment":[{"href":"https:\/\/ml.virose.pt\/blogs\/seminar\/wp-json\/wp\/v2\/media?parent=309"}],"wp:term":[{"taxonomy":"category","embeddable":true,"href":"https:\/\/ml.virose.pt\/blogs\/seminar\/wp-json\/wp\/v2\/categories?post=309"},{"taxonomy":"post_tag","embeddable":true,"href":"https:\/\/ml.virose.pt\/blogs\/seminar\/wp-json\/wp\/v2\/tags?post=309"}],"curies":[{"name":"wp","href":"https:\/\/api.w.org\/{rel}","templated":true}]}}