{"id":348,"date":"2024-10-24T21:48:39","date_gmt":"2024-10-24T21:48:39","guid":{"rendered":"https:\/\/ml.virose.pt\/blogs\/seminar\/?p=348"},"modified":"2024-10-24T22:44:00","modified_gmt":"2024-10-24T22:44:00","slug":"hugo-de-almeida-pinho","status":"publish","type":"post","link":"https:\/\/ml.virose.pt\/blogs\/seminar\/hugo-de-almeida-pinho\/","title":{"rendered":"Hugo de Almeida Pinho"},"content":{"rendered":"<p><strong><span lang=\"PT\">Capitalismo solar e <span style=\"letter-spacing: -.1pt;\">heliotropismos<br \/>\n<\/span><\/span><\/strong>Audit\u00f3rio do Pav. Carlos Ramos, FBAUP, 30 de Outubro de 2024, 17 H<\/p>\n<p>Partindo de uma viagem por entre os trabalhos desenvolvidos nos \u00faltimos anos, Hugo de Almeida Pinho ir\u00e1 na sua apresenta\u00e7\u00e3o focar-se nas investiga\u00e7\u00f5es mais recentes desenvolvidas por entre resid\u00eancias art\u00edsticas, ciclos de estudos e exposi\u00e7\u00f5es internacionais. Estas investiga\u00e7\u00f5es art\u00edsticas de propostas especulativas t\u00eam-se caracterizado pela diversidade formal e cruzamento interdisciplinar.<\/p>\n<p>Condenando uma forma de heliocentrismo que desenvolve procedimentos de marginalidade, apropria\u00e7\u00e3o e neocolonialismo energ\u00e9tico, o seu projecto mais recente reflecte sobre certas problem\u00e1ticas sociais e ecol\u00f3gicas ligadas a pol\u00edticas de visibilidade e de invisibilidade do capitalismo solar, e as suas diferentes implica\u00e7\u00f5es e realidades cr\u00edticas.<\/p>\n<p><strong><em>Solar capitalism and heliotropisms\u00a0<\/em><\/strong><br \/>\n<em>Starting from a journey through the works developed in recent years, Hugo de Almeida Pinho will focus in his presentation on the most recent investigations developed through artistic residencies, cycle of studies, and international exhibitions. This artistic research of speculative proposals has been characterized by formal diversity and interdisciplinary intersection. Condemning a form of heliocentrism that develops procedures of marginality, appropriation and energy neocolonialism, his most recent project reflects on certain social and ecological issues linked to policies of visibility and invisibility of solar capitalism, and their different implications and critical realities.\u00a0<\/em><\/p>\n<p><img decoding=\"async\" loading=\"lazy\" class=\"alignnone size-full wp-image-350\" src=\"https:\/\/ml.virose.pt\/blogs\/seminar\/wp-content\/uploads\/2024\/10\/Hugo-de-Almeida-Pinho-2024-scaled.jpg\" alt=\"\" width=\"1707\" height=\"2560\" srcset=\"https:\/\/ml.virose.pt\/blogs\/seminar\/wp-content\/uploads\/2024\/10\/Hugo-de-Almeida-Pinho-2024-scaled.jpg 1707w, https:\/\/ml.virose.pt\/blogs\/seminar\/wp-content\/uploads\/2024\/10\/Hugo-de-Almeida-Pinho-2024-200x300.jpg 200w, https:\/\/ml.virose.pt\/blogs\/seminar\/wp-content\/uploads\/2024\/10\/Hugo-de-Almeida-Pinho-2024-683x1024.jpg 683w, https:\/\/ml.virose.pt\/blogs\/seminar\/wp-content\/uploads\/2024\/10\/Hugo-de-Almeida-Pinho-2024-768x1152.jpg 768w, https:\/\/ml.virose.pt\/blogs\/seminar\/wp-content\/uploads\/2024\/10\/Hugo-de-Almeida-Pinho-2024-1024x1536.jpg 1024w, https:\/\/ml.virose.pt\/blogs\/seminar\/wp-content\/uploads\/2024\/10\/Hugo-de-Almeida-Pinho-2024-1366x2048.jpg 1366w, https:\/\/ml.virose.pt\/blogs\/seminar\/wp-content\/uploads\/2024\/10\/Hugo-de-Almeida-Pinho-2024-1200x1800.jpg 1200w, https:\/\/ml.virose.pt\/blogs\/seminar\/wp-content\/uploads\/2024\/10\/Hugo-de-Almeida-Pinho-2024-150x225.jpg 150w\" sizes=\"(max-width: 1707px) 100vw, 1707px\" \/><strong>Hugo de Almeida Pinho <\/strong>\u00e9 artista e investigador. Vive e trabalha entre Alemanha e Portugal. Em 2024 completou o mestrado\/ diploma em Media Art\/Media Philosophy pela Hochschule f\u00fcr Gestaltung HfG Karlsruhe, enquanto bolseiro FC Gulbenkian. Licenciado em Artes Pl\u00e1sticas\/ Pintura pela FBAUP Porto e pela Marmara \u00dcniversitesi Istambul.<\/p>\n<p>Desenvolveu trabalho em resid\u00eancia art\u00edstica na Cripta 747 (Turim, 2020), na Cit\u00e9 Internationale des Arts \/Institut Fran\u00e7ais (Paris, 2019-20), na K\u00fcnstlerhaus Bethanien \/FC Gulbenkian (Berlin, 2018-19), Arquip\u00e9lago (Ribeira Grande &#8211; A\u00e7ores, 2015), no L\u2019Octroi (Tours &#8211; Fran\u00e7a, 2015), entre outros.<\/p>\n<p>Exp\u00f5e regularmente desde 2009, destacando-se as exposi\u00e7\u00f5es mais recentes em que participou: <em>Endless Sun: The Cinematic Sunrise <\/em>(Gnration, Braga 2024); <em>Die Lange Nacht <\/em>(Shedhalle, Zurique 2024); &#8220;<em>Time is the (&#8230;) Unit<\/em>&#8221; (FARRA, Elvas 2024); <em>Hierophanies <\/em>(Brot\u00e9ria, Lisboa 2024); <em>Solar Capital <\/em>(ACUD Galerie, Berlim 2023); <em>Solar Influx <\/em>(Arsenal, Berlim 2023); <em>Matter Non-Matter Anti-Matter <\/em>(ZKM, Karlsruhe 2022); <em>Back of My Hand <\/em>(CSL, Lisboa, 2022); <em>Gravitas <\/em>(Funda\u00e7\u00e3o Leal Rios, Lisboa, 2022<em>); Theater of Sun <\/em>(Cripta747, Turim, 2020); <em>The Seeing Eye <\/em>(Petite Galerie &#8211; Cit\u00e9 des Arts, Paris, 2020); <em>Terra Rara <\/em>(DIDAC, Santiago de Compostela, 2019); <em>Paradox of Plenty <\/em>(K\u00fcnstlerhaus Bethanien, Berlim, 2019); <em>Pedra Pedra <\/em>(Appleton [Box], Lisboa, 2018).<\/p>\n<p>Editor dos livros <em>Sun Burn <\/em>(Mousse Publishing, 2024), <em>Under the Ground <\/em>(Archive Books, 2024) e <em>Paradox of Plenty <\/em>(Atlas Projectos, 2021). Foi co-curador dos <em>screenings Under the Ground <\/em>(Galerias Municipais Lisboa \/Cinema S\u00e3o Jorge, Lisboa 2020) e <em>Out O\ufb00 Nature <\/em>(Arsenal, Berlim 2019). \u00c9 co-editor convidado do #39 da revista online de cultura e tecnologia Interact (Lisboa 2023-2024) e artista convidado para a capa #89 da revista Umbigo dedicado ao tema do Apocalipse (Lisboa 2024).<\/p>\n<p><strong>instagram.com\/hugodealmeidapinho\/<\/strong><\/p>\n<p class=\"p1\"><em><b>Hugo de Almeida Pinho <\/b>is an artist and researcher. Lives and works between Germany and Portugal. In 2024 he completed his master&#8217;s degree\/diploma in Media Art\/Media Philosophy from the Hochschule f\u00fcr Gestaltung HfG Karlsruhe, with an Gulbenkian Foundation scholarship. Graduated in Fine Arts\/Painting from FBAUP Porto and Marmara \u00dcniversitesi Istanbul. Artist-in-Residency at Cripta 747 (Turin, 2020); Cit\u00e9 Internationale des Arts \/Institut Fran\u00e7ais (Paris, 2019-20); K\u00fcnstlerhaus Bethanien \/FC Gulbenkian (Berlin, 2018-19); Arquip\u00e9lago (Ribeira Grande &#8211; Azores , 2015); L&#8217;Octroi (Tours &#8211; France, 2015), among others. He has exhibited regularly since 2009, with emphasis on the most recent exhibitions in which he participated: Endless Sun: The Cinematic Sunrise (Gnration, Braga 2024); Die Lange Nacht (Shedhalle, Zurich 2024); &#8220;Time is the (&#8230;) Unit&#8221; (FARRA, Elvas 2024); Hierophanies (Brot\u00e9ria, Lisbon 2024); Solar Capital (ACUD Galerie, Berlin 2023); Solar Influx (Arsenal, Berlin 2023); Matter Non-Matter Anti-Matter (ZKM, Karlsruhe 2022); Back of My Hand (CSL, Lisbon, 2022); Gravitas (Funda\u00e7\u00e3o Leal Rios, Lisbon, 2022); Theater of Sun (Cripta747, Turin, 2020); The Seeing Eye (Petite Galerie &#8211; Cit\u00e9 des Arts, Paris, 2020); Terra Rara (DIDAC, Santiago de Compostela, 2019); Paradox of Plenty (K\u00fcnstlerhaus Bethanien, Berlin, 2019); Pedra Pedra (Appleton [Box], Lisbon, 2018). Editor of the books Sun Burn (Mousse Publishing, 2024), Under the Ground (Archive Books, 2024) and Paradox of Plenty (Atlas Projectos, 2021). He was co-curator of the film screenings Under the Ground (Galerias Municipais Lisboa \/Cinema S\u00e3o Jorge, Lisbon 2020) and Out Off Nature (Arsenal, Berlin 2019). He was guest co-editor of #39 of the online culture and technology magazine Interact (Lisbon 2023-2024) and guest artist for cover #89 of Umbigo magazine dedicated to the theme of the Apocalypse (Lisbon 2024). <span class=\"s1\"><b>instagram.com\/hugodealmeidapinho\/<span class=\"Apple-converted-space\">\u00a0<\/span><\/b><\/span><\/em><\/p>\n<div class=\"\">\n<div class=\"\"><\/div>\n<\/div>\n","protected":false},"excerpt":{"rendered":"<p>Capitalismo solar e heliotropismos Audit\u00f3rio do Pav. Carlos Ramos, FBAUP, 30 de Outubro de 2024, 17 H Partindo de uma viagem por entre os trabalhos desenvolvidos nos \u00faltimos anos, Hugo de Almeida Pinho ir\u00e1 na sua apresenta\u00e7\u00e3o focar-se nas investiga\u00e7\u00f5es mais recentes desenvolvidas por entre resid\u00eancias art\u00edsticas, ciclos de estudos e exposi\u00e7\u00f5es internacionais. Estas investiga\u00e7\u00f5es&hellip;<\/p>\n","protected":false},"author":1,"featured_media":349,"comment_status":"open","ping_status":"open","sticky":false,"template":"","format":"standard","meta":[],"categories":[8],"tags":[],"_links":{"self":[{"href":"https:\/\/ml.virose.pt\/blogs\/seminar\/wp-json\/wp\/v2\/posts\/348"}],"collection":[{"href":"https:\/\/ml.virose.pt\/blogs\/seminar\/wp-json\/wp\/v2\/posts"}],"about":[{"href":"https:\/\/ml.virose.pt\/blogs\/seminar\/wp-json\/wp\/v2\/types\/post"}],"author":[{"embeddable":true,"href":"https:\/\/ml.virose.pt\/blogs\/seminar\/wp-json\/wp\/v2\/users\/1"}],"replies":[{"embeddable":true,"href":"https:\/\/ml.virose.pt\/blogs\/seminar\/wp-json\/wp\/v2\/comments?post=348"}],"version-history":[{"count":3,"href":"https:\/\/ml.virose.pt\/blogs\/seminar\/wp-json\/wp\/v2\/posts\/348\/revisions"}],"predecessor-version":[{"id":353,"href":"https:\/\/ml.virose.pt\/blogs\/seminar\/wp-json\/wp\/v2\/posts\/348\/revisions\/353"}],"wp:featuredmedia":[{"embeddable":true,"href":"https:\/\/ml.virose.pt\/blogs\/seminar\/wp-json\/wp\/v2\/media\/349"}],"wp:attachment":[{"href":"https:\/\/ml.virose.pt\/blogs\/seminar\/wp-json\/wp\/v2\/media?parent=348"}],"wp:term":[{"taxonomy":"category","embeddable":true,"href":"https:\/\/ml.virose.pt\/blogs\/seminar\/wp-json\/wp\/v2\/categories?post=348"},{"taxonomy":"post_tag","embeddable":true,"href":"https:\/\/ml.virose.pt\/blogs\/seminar\/wp-json\/wp\/v2\/tags?post=348"}],"curies":[{"name":"wp","href":"https:\/\/api.w.org\/{rel}","templated":true}]}}