{"id":361,"date":"2024-12-17T22:57:35","date_gmt":"2024-12-17T22:57:35","guid":{"rendered":"https:\/\/ml.virose.pt\/blogs\/seminar\/?p=361"},"modified":"2024-12-17T22:57:35","modified_gmt":"2024-12-17T22:57:35","slug":"jonathan-uliel-saldanha","status":"publish","type":"post","link":"https:\/\/ml.virose.pt\/blogs\/seminar\/jonathan-uliel-saldanha\/","title":{"rendered":"Jonathan Uliel Saldanha"},"content":{"rendered":"<p class=\"p1\"><span class=\"s1\">Conversa com Jonathan Uliel Saldanha<br \/>\n<\/span><span class=\"s1\">Aula Magna da FBAUP<br \/>\n<\/span><span class=\"s1\">18 de Dezembro de 2024, \u00e0s 17 horas<\/span><\/p>\n<p class=\"p1\"><span class=\"s1\">A partir de alguns dos seus trabalhos, ser\u00e3o exploradas as tem\u00e1ticas recorrentes da sua pr\u00e1tica art\u00edstica. A conversa abordar\u00e1 processos mut\u00e1veis que interseccionam corpo, linguagem e ambiente, integrando elementos dram\u00e1ticos e tecnol\u00f3gicos. Com a exibi\u00e7\u00e3o de v\u00eddeos e a escuta de pe\u00e7as sonoras, ser\u00e1 aprofundada a din\u00e2mica entre sistemas humanos e n\u00e3o-humanos, revelando as rela\u00e7\u00f5es que emergem nesse territ\u00f3rio h\u00edbrido.<\/span><\/p>\n<p><img decoding=\"async\" loading=\"lazy\" class=\"alignnone size-large wp-image-363\" src=\"https:\/\/ml.virose.pt\/blogs\/seminar\/wp-content\/uploads\/2024\/12\/Jonathan_retrato-1024x683.jpg\" alt=\"\" width=\"1024\" height=\"683\" srcset=\"https:\/\/ml.virose.pt\/blogs\/seminar\/wp-content\/uploads\/2024\/12\/Jonathan_retrato-1024x683.jpg 1024w, https:\/\/ml.virose.pt\/blogs\/seminar\/wp-content\/uploads\/2024\/12\/Jonathan_retrato-300x200.jpg 300w, https:\/\/ml.virose.pt\/blogs\/seminar\/wp-content\/uploads\/2024\/12\/Jonathan_retrato-768x512.jpg 768w, https:\/\/ml.virose.pt\/blogs\/seminar\/wp-content\/uploads\/2024\/12\/Jonathan_retrato-1536x1024.jpg 1536w, https:\/\/ml.virose.pt\/blogs\/seminar\/wp-content\/uploads\/2024\/12\/Jonathan_retrato-1200x800.jpg 1200w, https:\/\/ml.virose.pt\/blogs\/seminar\/wp-content\/uploads\/2024\/12\/Jonathan_retrato-150x100.jpg 150w, https:\/\/ml.virose.pt\/blogs\/seminar\/wp-content\/uploads\/2024\/12\/Jonathan_retrato.jpg 1600w\" sizes=\"(max-width: 1024px) 100vw, 1024px\" \/><\/p>\n<p class=\"p1\"><span class=\"s1\">Jonathan Uliel Saldanha \u00e9 compositor, artista visual e encenador, cujo trabalho explora temas como a pr\u00e9-linguagem, a cibern\u00e9tica, o animismo e ambientes especulativos. Atrav\u00e9s do som, da performance e da instala\u00e7\u00e3o, cria experi\u00eancias imersivas que investigam as rela\u00e7\u00f5es entre sistemas humanos e n\u00e3o-humanos, tecnologia e mito.<\/span><\/p>\n<p class=\"p1\"><span class=\"s1\">Entre 2020 e 2022, como artista associado do Teatro Municipal do Porto, apresentou obras como <i>Red Mercury<\/i>, <i>Lithium Faust<\/i> e <i>Libidinal Lake<\/i>. Em 2019, estreou a pe\u00e7a vocal e escult\u00f3rica <i>Scotoma Cintilante \/ Dysmorphia<\/i> na BoCA Bienal. As suas exposi\u00e7\u00f5es deste per\u00edodo incluem <i>Plague Vector<\/i> (Braga), <i>Locus Horribilis<\/i> (Galeria Solar) e <i>Behemoth Republic<\/i> (Arquip\u00e9lago \u2013 Centro de Artes Contempor\u00e2neas). Entre 2016 e 2018, Saldanha apresentou projetos como <i>Vocoder &amp; Camouflage<\/i>, <i>O Po\u00e7o<\/i>, <i>Oxidation Machine<\/i> e a pe\u00e7a\/filme <i>S\u00d8MA<\/i> em espa\u00e7os como o Palais de Tokyo, a Bienal Anozero e a Culturgest. No in\u00edcio da sua carreira, co-curou <i>SONORES<\/i> para Guimar\u00e3es Capital Europeia da Cultura em 2012 e criou obras c\u00e9nicas como <i>Nyarlathotep<\/i> e <i>Jungle Machine<\/i>. Saldanha \u00e9 fundador da SOOPA, um coletivo sediado no Porto, dedicado a performances experimentais e concertos desde 1999. Lidera tamb\u00e9m os projetos musicais HHY &amp; The Macumbas e HHY &amp; The Kampala Unit. A sua m\u00fasica foi apresentada em festivais como Unsound, S\u00f3nar e Primavera Sound, e editada por editoras como Nyege Nyege, Tzadik e House of Mythology. O seu filme-ensaio <i>Mundo de Cristal, M\u00e1quina da Selva<\/i> foi publicado pelo Museu de Serralves, e as suas colabora\u00e7\u00f5es com a editora Nyege Nyege desde 2018 refletem o seu cont\u00ednuo envolvimento com di\u00e1logos musicais globais. Saldanha \u00e9 representado pela Galeria Duarte Sequeira.<\/span><\/p>\n<p class=\"p2\"><span class=\"s2\"><a href=\"https:\/\/jonathanuliel.com\/\">https:\/\/jonathanuliel.com\/<\/a><\/span><\/p>\n","protected":false},"excerpt":{"rendered":"<p>Conversa com Jonathan Uliel Saldanha Aula Magna da FBAUP 18 de Dezembro de 2024, \u00e0s 17 horas A partir de alguns dos seus trabalhos, ser\u00e3o exploradas as tem\u00e1ticas recorrentes da sua pr\u00e1tica art\u00edstica. A conversa abordar\u00e1 processos mut\u00e1veis que interseccionam corpo, linguagem e ambiente, integrando elementos dram\u00e1ticos e tecnol\u00f3gicos. Com a exibi\u00e7\u00e3o de v\u00eddeos e&hellip;<\/p>\n","protected":false},"author":1,"featured_media":362,"comment_status":"open","ping_status":"open","sticky":false,"template":"","format":"standard","meta":[],"categories":[8],"tags":[],"_links":{"self":[{"href":"https:\/\/ml.virose.pt\/blogs\/seminar\/wp-json\/wp\/v2\/posts\/361"}],"collection":[{"href":"https:\/\/ml.virose.pt\/blogs\/seminar\/wp-json\/wp\/v2\/posts"}],"about":[{"href":"https:\/\/ml.virose.pt\/blogs\/seminar\/wp-json\/wp\/v2\/types\/post"}],"author":[{"embeddable":true,"href":"https:\/\/ml.virose.pt\/blogs\/seminar\/wp-json\/wp\/v2\/users\/1"}],"replies":[{"embeddable":true,"href":"https:\/\/ml.virose.pt\/blogs\/seminar\/wp-json\/wp\/v2\/comments?post=361"}],"version-history":[{"count":1,"href":"https:\/\/ml.virose.pt\/blogs\/seminar\/wp-json\/wp\/v2\/posts\/361\/revisions"}],"predecessor-version":[{"id":364,"href":"https:\/\/ml.virose.pt\/blogs\/seminar\/wp-json\/wp\/v2\/posts\/361\/revisions\/364"}],"wp:featuredmedia":[{"embeddable":true,"href":"https:\/\/ml.virose.pt\/blogs\/seminar\/wp-json\/wp\/v2\/media\/362"}],"wp:attachment":[{"href":"https:\/\/ml.virose.pt\/blogs\/seminar\/wp-json\/wp\/v2\/media?parent=361"}],"wp:term":[{"taxonomy":"category","embeddable":true,"href":"https:\/\/ml.virose.pt\/blogs\/seminar\/wp-json\/wp\/v2\/categories?post=361"},{"taxonomy":"post_tag","embeddable":true,"href":"https:\/\/ml.virose.pt\/blogs\/seminar\/wp-json\/wp\/v2\/tags?post=361"}],"curies":[{"name":"wp","href":"https:\/\/api.w.org\/{rel}","templated":true}]}}