{"id":371,"date":"2025-02-13T21:47:03","date_gmt":"2025-02-13T21:47:03","guid":{"rendered":"https:\/\/ml.virose.pt\/blogs\/seminar\/?p=371"},"modified":"2025-02-18T08:42:02","modified_gmt":"2025-02-18T08:42:02","slug":"wilfredo-prieto-master-class","status":"publish","type":"post","link":"https:\/\/ml.virose.pt\/blogs\/seminar\/wilfredo-prieto-master-class\/","title":{"rendered":"Wilfredo Prieto (Master Class)"},"content":{"rendered":"<p>Masterclass DAP com Wilfredo Prieto<br \/>\n<em>Fanguito: un museo de arte contempor\u00e2neo<\/em><\/p>\n<p>27 de fevereiro de 2025, \u00e0s 16h, na sala 1.07 do Edif\u00edcio da Pra\u00e7a de Coronel Pacheco<\/p>\n<hr class=\"\" \/>\n<p class=\"\"><strong class=\"\">Inscri\u00e7\u00f5es at\u00e9 18 de fevereiro de 2025, \u00e0s 18h<\/strong><\/p>\n<p class=\"\"><strong class=\"\"><span style=\"font-family: NoticiaText, serif;\">Inscri\u00e7\u00f5es fechadas<\/span><br class=\"\" \/><\/strong><span class=\"\" style=\"color: #333333; font-family: NoticiaText, serif;\"><span class=\"\">[participa\u00e7\u00e3o gratuita, sujeita a inscri\u00e7\u00e3o pr\u00e9via]\u00a0<\/span><\/span><br class=\"\" \/><strong class=\"\"><br class=\"\" \/><\/strong><span class=\"\" style=\"color: #333333; font-family: NoticiaText, serif;\"><span class=\"\">Masterclass para um grupo restrito de estudantes (18 lugares), com prioridade aos estudantes do Doutoramento em Artes Pl\u00e1sticas.<\/span><\/span><br class=\"\" \/><span class=\"\" style=\"color: #333333; font-family: NoticiaText, serif;\"><span class=\"\">Confirma\u00e7\u00e3o de inscri\u00e7\u00e3o: ser\u00e3o notificados(as) por e-mail at\u00e9 dia 21 de fevereiro de 2025.<\/span><\/span><\/p>\n<p class=\"\"><br class=\"\" \/><em class=\"\">Fanguito: un museo de arte contempor\u00e1neo<br class=\"\" \/><\/em><em class=\"\">Fanguito, es un proyecto que acerca el arte contempor\u00e1neo a la comunidad desde otra perspectiva del lenguaje art\u00edstico. Subvierte los c\u00f3digos tradicionales del museo, el espacio expositivo can\u00f3nico, las normas curatoriales y los proceso de montaje. Las obras adquieren una nueva connotaci\u00f3n, no solo por su entorno, sino tambi\u00e9n por la interacci\u00f3n con los pobladores locales y el p\u00fablico especializado al mismo tiempo. La exposici\u00f3n devuelve el objeto a su propia realidad, lo recontextualiza y lo lleva a su punto de origen. Demanda un inter\u00e9s social, influye en el entorno y se adentra en la vida de la gente. Las obras no solo se aprecia, sino tambi\u00e9n se viven.<br class=\"\" \/><br class=\"\" \/><\/em>Org.:\u00a0<a class=\"\" href=\"https:\/\/sigarra.up.pt\/fbaup\/pt\/cur_geral.cur_view?pv_ano_lectivo=2024&amp;pv_origem=CUR&amp;pv_tipo_cur_sigla=D&amp;pv_curso_id=11641\">Doutoramento em Artes Pl\u00e1sticas\u00a0<\/a>(DAP), FBAUP<em class=\"\"><br class=\"\" \/><\/em><\/p>\n<figure id=\"attachment_368\" aria-describedby=\"caption-attachment-368\" style=\"width: 837px\" class=\"wp-caption alignnone\"><img decoding=\"async\" loading=\"lazy\" class=\"wp-image-368 size-large\" src=\"https:\/\/ml.virose.pt\/blogs\/seminar\/wp-content\/uploads\/2025\/02\/WP-837x1024.jpg\" alt=\"\" width=\"837\" height=\"1024\" srcset=\"https:\/\/ml.virose.pt\/blogs\/seminar\/wp-content\/uploads\/2025\/02\/WP-837x1024.jpg 837w, https:\/\/ml.virose.pt\/blogs\/seminar\/wp-content\/uploads\/2025\/02\/WP-245x300.jpg 245w, https:\/\/ml.virose.pt\/blogs\/seminar\/wp-content\/uploads\/2025\/02\/WP-768x940.jpg 768w, https:\/\/ml.virose.pt\/blogs\/seminar\/wp-content\/uploads\/2025\/02\/WP-1255x1536.jpg 1255w, https:\/\/ml.virose.pt\/blogs\/seminar\/wp-content\/uploads\/2025\/02\/WP-1674x2048.jpg 1674w, https:\/\/ml.virose.pt\/blogs\/seminar\/wp-content\/uploads\/2025\/02\/WP-1200x1468.jpg 1200w, https:\/\/ml.virose.pt\/blogs\/seminar\/wp-content\/uploads\/2025\/02\/WP-150x184.jpg 150w\" sizes=\"(max-width: 837px) 100vw, 837px\" \/><figcaption id=\"caption-attachment-368\" class=\"wp-caption-text\">\u00a9Joyme Cuan<\/figcaption><\/figure>\n<p class=\"\"><strong class=\"\">Wilfredo Prieto<\/strong>\u00a0(1978, Sancti Spiritus, Cuba). Su obra se distingue por la contraposici\u00f3n de materiales, conceptos y formas siendo sus acciones m\u00e1s po\u00e9ticas que escult\u00f3ricas. La idea siempre es la matriz del lenguaje donde la intervenci\u00f3n de objetos cotidianos se convierte en gestos radicales que reflejan la sociedad contempor\u00e1nea. El artista propone comunicar con lo esencial los significados m\u00e1s sutiles, invitando a distanciarnos de experiencias comunes. Se grad\u00fao en el Instituto Superior de Arte ISA (2002) y desde muy temprano obtuvo importantes galardones como el Premio UNESCO de Promoci\u00f3n de las Artes en el a\u00f1o 2000, en conjunto con el colectivo de artistas DUPP (Desde Una Pragm\u00e1tica Pedag\u00f3gica), del cual formaba parte. Posteriormente obtuvo el Premio Cartier en el 2008. Ha participado en residencias de artista en Headlands Center for the Arts, San Francisco; Le Grand Caf\u00e9, Saint-Nazaire; John Simon Guggenheim Foundation, Nueva York y Kadist Art Foundation, Par\u00eds. Dentro de sus exposiciones m\u00e1s importantes destacan: Ping-pong cuadr\u00edcula, Museo Nacional de Bellas Artes MNBA, La Habana; Speaking Badly about Stones, Museo Municipal de Arte Contempor\u00e1neo de Gante S.M.A.K, B\u00e9lgica; Dej\u00e1ndole algo a la suerte, Sala de Arte P\u00fablico Siqueiros, Ciudad de M\u00e9xico; Balancing the curve, Hangar Bicocca, Mil\u00e1n y Amarrado a la pata de la mesa, Centro de Arte Dos de Mayo CA2M, Madrid. Sus obras se encuentran en colecciones de museos como: el Museo de Arte Moderno MoMA y Museo Solomon R. Guggenheim, Nueva York; Centro Pompidou, Par\u00eds; Museo Municipal de Arte Contempor\u00e1neo de Gante S.M.A.K, B\u00e9lgica; Centro de Arte Dos de Mayo CA2M, Madrid y Museo Nacional de Bellas Artes MNBA, La Habana. Actualmente vive y trabaja en La Habana, Cuba.<\/p>\n","protected":false},"excerpt":{"rendered":"<p>Masterclass DAP com Wilfredo Prieto Fanguito: un museo de arte contempor\u00e2neo 27 de fevereiro de 2025, \u00e0s 16h, na sala 1.07 do Edif\u00edcio da Pra\u00e7a de Coronel Pacheco Inscri\u00e7\u00f5es at\u00e9 18 de fevereiro de 2025, \u00e0s 18h Inscri\u00e7\u00f5es fechadas[participa\u00e7\u00e3o gratuita, sujeita a inscri\u00e7\u00e3o pr\u00e9via]\u00a0Masterclass para um grupo restrito de estudantes (18 lugares), com prioridade aos&hellip;<\/p>\n","protected":false},"author":1,"featured_media":372,"comment_status":"open","ping_status":"open","sticky":false,"template":"","format":"standard","meta":[],"categories":[9],"tags":[],"_links":{"self":[{"href":"https:\/\/ml.virose.pt\/blogs\/seminar\/wp-json\/wp\/v2\/posts\/371"}],"collection":[{"href":"https:\/\/ml.virose.pt\/blogs\/seminar\/wp-json\/wp\/v2\/posts"}],"about":[{"href":"https:\/\/ml.virose.pt\/blogs\/seminar\/wp-json\/wp\/v2\/types\/post"}],"author":[{"embeddable":true,"href":"https:\/\/ml.virose.pt\/blogs\/seminar\/wp-json\/wp\/v2\/users\/1"}],"replies":[{"embeddable":true,"href":"https:\/\/ml.virose.pt\/blogs\/seminar\/wp-json\/wp\/v2\/comments?post=371"}],"version-history":[{"count":2,"href":"https:\/\/ml.virose.pt\/blogs\/seminar\/wp-json\/wp\/v2\/posts\/371\/revisions"}],"predecessor-version":[{"id":385,"href":"https:\/\/ml.virose.pt\/blogs\/seminar\/wp-json\/wp\/v2\/posts\/371\/revisions\/385"}],"wp:featuredmedia":[{"embeddable":true,"href":"https:\/\/ml.virose.pt\/blogs\/seminar\/wp-json\/wp\/v2\/media\/372"}],"wp:attachment":[{"href":"https:\/\/ml.virose.pt\/blogs\/seminar\/wp-json\/wp\/v2\/media?parent=371"}],"wp:term":[{"taxonomy":"category","embeddable":true,"href":"https:\/\/ml.virose.pt\/blogs\/seminar\/wp-json\/wp\/v2\/categories?post=371"},{"taxonomy":"post_tag","embeddable":true,"href":"https:\/\/ml.virose.pt\/blogs\/seminar\/wp-json\/wp\/v2\/tags?post=371"}],"curies":[{"name":"wp","href":"https:\/\/api.w.org\/{rel}","templated":true}]}}