{"id":374,"date":"2024-06-05T00:20:54","date_gmt":"2024-06-05T00:20:54","guid":{"rendered":"https:\/\/ml.virose.pt\/blogs\/seminar\/?p=374"},"modified":"2025-02-13T21:51:16","modified_gmt":"2025-02-13T21:51:16","slug":"ricardo-basbaum-workshop","status":"publish","type":"post","link":"https:\/\/ml.virose.pt\/blogs\/seminar\/ricardo-basbaum-workshop\/","title":{"rendered":"Ricardo Basbaum (Workshop)"},"content":{"rendered":"<div>\n<div class=\"\">\n<p class=\"\"><b class=\"\">Ricardo Basbaum<br \/>\n<\/b><b class=\"\">Voc\u00ea gostaria de participar de uma experi\u00eancia art\u00edstica?<\/b><\/p>\n<\/div>\n<div class=\"\"><b class=\"\">Workshop<\/b><\/div>\n<div class=\"\">FBAUP, 5 de Junho de 2024<\/div>\n<p class=\"\">14 &#8211; 17 horas Sala PS42<\/p>\n<p class=\"\"><i class=\"\">Voc\u00ea gostaria de participar de uma experi\u00eancia art\u00edstica?<\/i>\u00a0\u00c9 um projeto em andamento desde 1994, \u201cuma investiga\u00e7\u00e3o acerca do envolvimento do outro como participante em um conjunto de protocolos indicativos dos efeitos, condi\u00e7\u00f5es e possibilidades da arte contempor\u00e2nea\u201d. Est\u00e3o ali em jogo quest\u00f5es participativas e comunicacionais, assim como sensoriais e conceituais. Neste workshop, ser\u00e1 apresentada uma vis\u00e3o geral do projeto, a partir de imagens, v\u00eddeos e outros materiais, incluindo uma vis\u00e3o detalhada do diagrama de\u00a0<i class=\"\">Voc\u00ea gostaria&#8230;?<\/i>, onde est\u00e3o inscritas suas principais quest\u00f5es conceituais, alguns dados num\u00e9ricos e indicadas suas 5 fases, de 1994 at\u00e9 o momento.<\/p>\n<p class=\"\">Para estudantes de p\u00f3s-gradua\u00e7\u00e3o da FBAUP \u2014 M\u00e1ximo 15 inscri\u00e7\u00f5es.<\/p>\n<p><a href=\"https:\/\/forms.gle\/fzxKyw2TVK37Utco9\">https:\/\/forms.gle\/fzxKyw2TVK37Utco9<\/a><br \/>\n(As pessoas inscritas receber\u00e3o e-mail de confirma\u00e7\u00e3o)<\/p>\n<p class=\"\">Aconselha-se, como introdu\u00e7\u00e3o, a assistir, no dia anterior, \u00e0 aula Aberta do DAP.<\/p>\n<div class=\"\">Para um primeiro acesso ao trabalho do RB:<\/div>\n<div class=\"\"><span class=\"\" style=\"font-family: Roboto, Helvetica, Arial, sans-serif;\"><span class=\"\"><a class=\"\" href=\"https:\/\/i2ads.up.pt\/publicacoes\/ladob-3\/\">https:\/\/i2ads.up.pt\/publicacoes\/ladob-3\/<\/a><\/span><\/span><\/div>\n<\/div>\n<div><\/div>\n<div><img decoding=\"async\" loading=\"lazy\" class=\"alignnone size-large wp-image-341\" src=\"https:\/\/ml.virose.pt\/blogs\/seminar\/wp-content\/uploads\/2024\/06\/RB3-768x1024.jpg\" alt=\"\" width=\"768\" height=\"1024\" srcset=\"https:\/\/ml.virose.pt\/blogs\/seminar\/wp-content\/uploads\/2024\/06\/RB3-768x1024.jpg 768w, https:\/\/ml.virose.pt\/blogs\/seminar\/wp-content\/uploads\/2024\/06\/RB3-225x300.jpg 225w, https:\/\/ml.virose.pt\/blogs\/seminar\/wp-content\/uploads\/2024\/06\/RB3-1152x1536.jpg 1152w, https:\/\/ml.virose.pt\/blogs\/seminar\/wp-content\/uploads\/2024\/06\/RB3-1536x2048.jpg 1536w, https:\/\/ml.virose.pt\/blogs\/seminar\/wp-content\/uploads\/2024\/06\/RB3-1200x1600.jpg 1200w, https:\/\/ml.virose.pt\/blogs\/seminar\/wp-content\/uploads\/2024\/06\/RB3-150x200.jpg 150w, https:\/\/ml.virose.pt\/blogs\/seminar\/wp-content\/uploads\/2024\/06\/RB3-scaled.jpg 1920w\" sizes=\"(max-width: 768px) 100vw, 768px\" \/> <b>Bio<\/b>Ricardo\u00a0Basbaum\u00a0(S\u00e3o Paulo, 1961).<br \/>\nVive e trabalha no Rio de Janeiro.Artista, pesquisador e escritor, participa regularmente de exposi\u00e7\u00f5es e projetos desde 1981. Atua a partir da investiga\u00e7\u00e3o da arte como dispositivo de rela\u00e7\u00e3o e articula\u00e7\u00e3o entre experi\u00eancia sens\u00f3ria, sociabilidade e linguagem. Exposi\u00e7\u00f5es individuais recentes incluem\u00a0<i>subhidroinfraentre<\/i>\u00a0(Galeria Jaqueline Martins, S\u00e3o Paulo, 2021),\u00a0<i>Voc\u00ea gostaria de participar de uma experi\u00eancia art\u00edstica?<\/i>\u00a0(Drag\u00e3o do Mar, Fortaleza, 2018) e\u00a0<i>re-projecting (ondon)<\/i>\u00a0(The Showroom, Londres, 2013). Em\u00a0<i>Diagramas<\/i>\u00a0(Centro Galego de Arte Contempor\u00e1nea, Santiago de Compostela, 2013), apresentou uma antologia de seus diagramas. Participou da 30\u00aa e 25\u00aa Bienal de S\u00e3o Paulo (2002, 2012) e da documenta 12 (2007). Teve seu trabalho inclu\u00eddo no 35\u00ba Panorama da Arte Brasileira (MAM-SP, 2017), Free Collection Displays (New Tate Modern, London, 2016) e na 20\u00aa Bienal de Sydney (2016). Publicou\u00a0<i>Diagrams, 1994 \u2013 ongoing<\/i>\u00a0(Errant Bodies Press, 2016). Autor de\u00a0<i>Manual do artista-etc<\/i>\u00a0(Azougue, 2013; Mi\u00f1o y Davila, 2023) e\u00a0<i>Al\u00e9m da pureza visual<\/i>\u00a0(Zouk, 2006). Professor Visitante da Universidade de Chicago (2013). Artista Residente da Audain Gallery (Vancouver, 2014). Em 2021 desenvolveu projetos como Artista Visitante na University of Illinois Urbana-Champaign. Pesquisador, desde 2008, do Programa em P\u00f3s-Gradua\u00e7\u00e3o em Artes da Universidade do Estado do Rio de Janeiro (PPGARTES-UERJ). Professor Titular-Livre do Departamento de Arte da Universidade Federal Fluminense, onde atua tamb\u00e9m como pesquisador do Programa de P\u00f3s-Gradua\u00e7\u00e3o em Estudos Contempor\u00e2neos das Artes (PPGCA-UFF).<\/div>\n","protected":false},"excerpt":{"rendered":"<p>Ricardo Basbaum Voc\u00ea gostaria de participar de uma experi\u00eancia art\u00edstica? Workshop FBAUP, 5 de Junho de 2024 14 &#8211; 17 horas Sala PS42 Voc\u00ea gostaria de participar de uma experi\u00eancia art\u00edstica?\u00a0\u00c9 um projeto em andamento desde 1994, \u201cuma investiga\u00e7\u00e3o acerca do envolvimento do outro como participante em um conjunto de protocolos indicativos dos efeitos, condi\u00e7\u00f5es&hellip;<\/p>\n","protected":false},"author":1,"featured_media":343,"comment_status":"open","ping_status":"open","sticky":false,"template":"","format":"standard","meta":[],"categories":[9],"tags":[],"_links":{"self":[{"href":"https:\/\/ml.virose.pt\/blogs\/seminar\/wp-json\/wp\/v2\/posts\/374"}],"collection":[{"href":"https:\/\/ml.virose.pt\/blogs\/seminar\/wp-json\/wp\/v2\/posts"}],"about":[{"href":"https:\/\/ml.virose.pt\/blogs\/seminar\/wp-json\/wp\/v2\/types\/post"}],"author":[{"embeddable":true,"href":"https:\/\/ml.virose.pt\/blogs\/seminar\/wp-json\/wp\/v2\/users\/1"}],"replies":[{"embeddable":true,"href":"https:\/\/ml.virose.pt\/blogs\/seminar\/wp-json\/wp\/v2\/comments?post=374"}],"version-history":[{"count":1,"href":"https:\/\/ml.virose.pt\/blogs\/seminar\/wp-json\/wp\/v2\/posts\/374\/revisions"}],"predecessor-version":[{"id":376,"href":"https:\/\/ml.virose.pt\/blogs\/seminar\/wp-json\/wp\/v2\/posts\/374\/revisions\/376"}],"wp:featuredmedia":[{"embeddable":true,"href":"https:\/\/ml.virose.pt\/blogs\/seminar\/wp-json\/wp\/v2\/media\/343"}],"wp:attachment":[{"href":"https:\/\/ml.virose.pt\/blogs\/seminar\/wp-json\/wp\/v2\/media?parent=374"}],"wp:term":[{"taxonomy":"category","embeddable":true,"href":"https:\/\/ml.virose.pt\/blogs\/seminar\/wp-json\/wp\/v2\/categories?post=374"},{"taxonomy":"post_tag","embeddable":true,"href":"https:\/\/ml.virose.pt\/blogs\/seminar\/wp-json\/wp\/v2\/tags?post=374"}],"curies":[{"name":"wp","href":"https:\/\/api.w.org\/{rel}","templated":true}]}}