{"id":445,"date":"2025-05-06T23:14:16","date_gmt":"2025-05-06T23:14:16","guid":{"rendered":"https:\/\/ml.virose.pt\/blogs\/seminar\/?p=445"},"modified":"2025-05-07T12:20:56","modified_gmt":"2025-05-07T12:20:56","slug":"anselm-jappe","status":"publish","type":"post","link":"https:\/\/ml.virose.pt\/blogs\/seminar\/anselm-jappe\/","title":{"rendered":"Anselm Jappe"},"content":{"rendered":"<p><strong>Aula Aberta com Anselm Jappe<\/strong><br \/>\n<em>O bet\u00e3o armado como arma de constru\u00e7\u00e3o maci\u00e7a do capitalismo. Existem alternativas?<\/em><br \/>\nQuarta-feira, dia 28 de Maio de 2025, 17h<br \/>\nAula Magna da FBAUP<\/p>\n<p>O bet\u00e3o armado \u00e9, desde h\u00e1 muito, um s\u00edmbolo da modernidade. Barato, f\u00e1cil de utilizar, higi\u00e9nico, adequado para edif\u00edcios de qualquer dimens\u00e3o. Parece satisfazer todas as necessidades: para sustentar a mania de grandeza dos poderosos, mas tamb\u00e9m para construir numerosas habita\u00e7\u00f5es sociais ou de \u201cauto-constru\u00e7\u00e3o\u201d. No entanto, h\u00e1 j\u00e1 algum tempo que s\u00e3o criticados os seus numerosos defeitos, desde os impactos sobre a sa\u00fade at\u00e9 \u00e0s suas fracas qualidades t\u00e9rmicas, \u00e0 sua r\u00e1pida obsolesc\u00eancia, \u00e0s emiss\u00f5es de CO2, \u00e0 extra\u00e7\u00e3o de areia, \u00e0s grandes quantidades de detritos, ao elevado consumo de solos, etc. Os edif\u00edcios de bet\u00e3o s\u00e3o muitas vezes considerados esteticamente feios e social e psicologicamente alienantes. Mas qual poderia ser a alternativa? Poder\u00e1 ser a arquitetura \u201cvernacular\u201d, em que habita\u00e7\u00f5es com mil tradi\u00e7\u00f5es s\u00e3o constru\u00eddas com materiais locais e por artes\u00e3os locais, dur\u00e1veis e com excelente desempenho t\u00e9rmico?<\/p>\n<p><img decoding=\"async\" loading=\"lazy\" class=\"alignnone size-large wp-image-447\" src=\"https:\/\/ml.virose.pt\/blogs\/seminar\/wp-content\/uploads\/2025\/05\/IMG_1885-1024x768.jpg\" alt=\"\" width=\"1024\" height=\"768\" srcset=\"https:\/\/ml.virose.pt\/blogs\/seminar\/wp-content\/uploads\/2025\/05\/IMG_1885-1024x768.jpg 1024w, https:\/\/ml.virose.pt\/blogs\/seminar\/wp-content\/uploads\/2025\/05\/IMG_1885-300x225.jpg 300w, https:\/\/ml.virose.pt\/blogs\/seminar\/wp-content\/uploads\/2025\/05\/IMG_1885-768x576.jpg 768w, https:\/\/ml.virose.pt\/blogs\/seminar\/wp-content\/uploads\/2025\/05\/IMG_1885-1536x1152.jpg 1536w, https:\/\/ml.virose.pt\/blogs\/seminar\/wp-content\/uploads\/2025\/05\/IMG_1885-2048x1536.jpg 2048w, https:\/\/ml.virose.pt\/blogs\/seminar\/wp-content\/uploads\/2025\/05\/IMG_1885-1200x900.jpg 1200w, https:\/\/ml.virose.pt\/blogs\/seminar\/wp-content\/uploads\/2025\/05\/IMG_1885-150x113.jpg 150w\" sizes=\"(max-width: 1024px) 100vw, 1024px\" \/><\/p>\n<p>Anselm Jappe (1962) \u00e9 autor de <em>Guy Debord <\/em>(2001, em portugu\u00eas Ant\u00edgona 2008<em>), <\/em><a href=\"https:\/\/antigona.pt\/products\/as-aventuras-da-mercadoria\"><strong><em>As Aventuras da Mercadoria<\/em><\/strong><\/a> (2003, em portugu\u00eas Ant\u00edgona 2006), <em>L\u2019Avant-garde inacceptable. R\u00e9flexions sur Guy Debord<\/em> (2004), <em>Cr\u00e9dito \u00e0 morte<\/em> (2011, em portugu\u00eas Hedra 2013, e parcialmente com Antigona com o t\u00edtulo <em>Sobre a balsa da Medusa<\/em>, 2012), <em>A Sociedade autof\u00e1gica. Capitalismo, desmesura e autodestrui\u00e7\u00e3o<\/em> (2017, em portugu\u00eas Antigona 2019), <em>Uma conspira\u00e7\u00e3o permanente contra o mundo. Reflex\u00f5es sobre Guy Debord e os Situacionistas<\/em> (Ant\u00edgona 2014), <em>O bet\u00e3o. Arma de constru\u00e7\u00e3o maci\u00e7a do capitalismo<\/em> (2020, em portugu\u00eas Ant\u00edgona 2022). \u00c9 professor de est\u00e9tica na Escola Superior de Arte de Roma (It\u00e1lia). D\u00e1 regularmente palestras em universidades europeias e latino-americanas. Os seus interesses de investiga\u00e7\u00e3o incluem a hist\u00f3ria das vanguardas art\u00edsticas (com especial destaque para o movimento situacionista) e as liga\u00e7\u00f5es entre est\u00e9tica e pol\u00edtica, bem como os desenvolvimentos no capitalismo contempor\u00e2neo. Tem contribu\u00eddo para o desenvolvimento da \u201ccr\u00edtica do valor\u201d atrav\u00e9s das revistas alem\u00e3s <em>Krisis<\/em> e <em>Exit!<\/em> e de tradu\u00e7\u00f5es.<\/p>\n","protected":false},"excerpt":{"rendered":"<p>Aula Aberta com Anselm Jappe O bet\u00e3o armado como arma de constru\u00e7\u00e3o maci\u00e7a do capitalismo. Existem alternativas? Quarta-feira, dia 28 de Maio de 2025, 17h Aula Magna da FBAUP O bet\u00e3o armado \u00e9, desde h\u00e1 muito, um s\u00edmbolo da modernidade. Barato, f\u00e1cil de utilizar, higi\u00e9nico, adequado para edif\u00edcios de qualquer dimens\u00e3o. Parece satisfazer todas as&hellip;<\/p>\n","protected":false},"author":1,"featured_media":450,"comment_status":"closed","ping_status":"closed","sticky":false,"template":"","format":"standard","meta":[],"categories":[8],"tags":[],"_links":{"self":[{"href":"https:\/\/ml.virose.pt\/blogs\/seminar\/wp-json\/wp\/v2\/posts\/445"}],"collection":[{"href":"https:\/\/ml.virose.pt\/blogs\/seminar\/wp-json\/wp\/v2\/posts"}],"about":[{"href":"https:\/\/ml.virose.pt\/blogs\/seminar\/wp-json\/wp\/v2\/types\/post"}],"author":[{"embeddable":true,"href":"https:\/\/ml.virose.pt\/blogs\/seminar\/wp-json\/wp\/v2\/users\/1"}],"replies":[{"embeddable":true,"href":"https:\/\/ml.virose.pt\/blogs\/seminar\/wp-json\/wp\/v2\/comments?post=445"}],"version-history":[{"count":1,"href":"https:\/\/ml.virose.pt\/blogs\/seminar\/wp-json\/wp\/v2\/posts\/445\/revisions"}],"predecessor-version":[{"id":448,"href":"https:\/\/ml.virose.pt\/blogs\/seminar\/wp-json\/wp\/v2\/posts\/445\/revisions\/448"}],"wp:featuredmedia":[{"embeddable":true,"href":"https:\/\/ml.virose.pt\/blogs\/seminar\/wp-json\/wp\/v2\/media\/450"}],"wp:attachment":[{"href":"https:\/\/ml.virose.pt\/blogs\/seminar\/wp-json\/wp\/v2\/media?parent=445"}],"wp:term":[{"taxonomy":"category","embeddable":true,"href":"https:\/\/ml.virose.pt\/blogs\/seminar\/wp-json\/wp\/v2\/categories?post=445"},{"taxonomy":"post_tag","embeddable":true,"href":"https:\/\/ml.virose.pt\/blogs\/seminar\/wp-json\/wp\/v2\/tags?post=445"}],"curies":[{"name":"wp","href":"https:\/\/api.w.org\/{rel}","templated":true}]}}