{"id":461,"date":"2025-05-15T14:50:44","date_gmt":"2025-05-15T14:50:44","guid":{"rendered":"https:\/\/ml.virose.pt\/blogs\/seminar\/?p=461"},"modified":"2025-05-15T22:40:44","modified_gmt":"2025-05-15T22:40:44","slug":"encontro-dap-0-programa","status":"publish","type":"post","link":"https:\/\/ml.virose.pt\/blogs\/seminar\/encontro-dap-0-programa\/","title":{"rendered":"Encontro DAP #0 &#8211; PROGRAMA"},"content":{"rendered":"<h3><strong><span style=\"color: #ff9900;\">Encontro DAP Meeting #0<\/span><br \/>\n<\/strong><\/h3>\n<h5><em><strong>De pernas para o ar | Upside-down<\/strong><\/em><\/h5>\n<h5>FBAUP, 20-22 + 28 Maio 2025<br \/>\nSalas DAP, Pra\u00e7a Coronel Pacheco, 15<\/h5>\n<p>Read <a href=\"https:\/\/ml.virose.pt\/blogs\/seminar\/meeting-dap-0-english\/\">In English<\/a><\/p>\n<h4><\/h4>\n<h4><span style=\"color: #ff9900;\"><strong>PROGRAMA <\/strong><\/span><\/h4>\n<h4><span style=\"color: #ff9900;\"><strong>3\u00aa feira, dia 20 de Maio<br \/>\n<\/strong><strong>_______________________<\/strong><\/span><\/h4>\n<p><span style=\"font-weight: 400;\">9.30 \u2013 Caf\u00e9 de abertura<br \/>\n<\/span><span style=\"font-weight: 400;\">10.00<\/span> <span style=\"font-weight: 400;\">\u2013 <\/span><strong><em>Speed dating<br \/>\n<\/em><\/strong><span style=\"font-weight: 400;\">11.00<\/span><strong> &#8211; <\/strong><em><span style=\"font-weight: 400;\">Pausa para caf\u00e9<\/span><\/em><\/p>\n<p><strong><em>This is Not a PhD<\/em><\/strong> <span style=\"font-weight: 400;\">(25 minutos cada apresenta\u00e7\u00e3o+5 minutos para as transi\u00e7\u00f5es)<\/span><\/p>\n<p><span style=\"font-weight: 400;\">11.30 \u2013 Joana Fins Faria (atelier piso -1)<br \/>\n<\/span><span style=\"font-weight: 400;\">12.00 \u2013 Eduardo Brito (Audit\u00f3rio)<br \/>\n<\/span><span style=\"font-weight: 400;\">12.30 \u2013 Oscar Malta (Audit\u00f3rio)<br \/>\n<\/span><span style=\"font-weight: 400;\">13.00 \u2013 Rebecca Leal Moradalizadeh (Atelier piso -1)<\/span><\/p>\n<p><span style=\"font-weight: 400;\">13.30 \u2013 <\/span><em><span style=\"font-weight: 400;\">Pausa para o almo\u00e7o<\/span><\/em><\/p>\n<p><span style=\"font-weight: 400;\">15.00 \u2013 Teresa Ar\u00eade (Audit\u00f3rio)<br \/>\n<\/span><span style=\"font-weight: 400;\">15.30 \u2013 David Lopes (Audit\u00f3rio)<br \/>\n<\/span><span style=\"font-weight: 400;\">16.00 \u2013 Carolina de Albuquerque (Audit\u00f3rio)<br \/>\n<\/span><span style=\"font-weight: 400;\">16.30 &#8211; Tatiana M\u00f3es Spinelli (Atelier)<\/span><\/p>\n<p><span style=\"font-weight: 400;\">17.00 \u2013 <\/span><em><span style=\"font-weight: 400;\">Pausa para caf\u00e9<\/span><\/em><\/p>\n<p><span style=\"font-weight: 400;\">17.30 \u2013 <\/span><strong>Aula aberta de Cihan \u00c7akmak<\/strong><span style=\"font-weight: 400;\">,<\/span> <strong><em>Self-empowerment and autobiographical art<\/em><\/strong><strong><em><br \/>\n<\/em><\/strong>&lt;<a href=\"https:\/\/ml.virose.pt\/blogs\/seminar\/cihan-cakmak\/\">https:\/\/ml.virose.pt\/blogs\/seminar\/cihan-cakmak\/<\/a>&gt;<strong><br \/>\n<\/strong><span style=\"font-weight: 400;\">&lt;<\/span><a href=\"http:\/\/www.cihancakmak.com\/\"><span style=\"font-weight: 400;\">www.cihancakmak.com<\/span><\/a><span style=\"font-weight: 400;\">&gt;<\/span><span style=\"font-weight: 400;\"><br \/>\n<\/span><span style=\"font-weight: 400;\">Audit\u00f3rio Piso Zero Coronel Pacheco<\/span><\/p>\n<h4><span style=\"color: #ff9900;\"><strong>4\u00aa feira, dia 21 de Maio<br \/>\n<\/strong><strong>_______________________<\/strong><\/span><\/h4>\n<p><strong><em>This is Not a PhD<\/em><\/strong><strong> (continua\u00e7\u00e3o)<br \/>\n<\/strong><span style=\"font-weight: 400;\">09.30 \u2013 Ricardo Moreira da Silva (Audit\u00f3rio)<br \/>\n<\/span><span style=\"font-weight: 400;\">10.00 \u2013 Monika Reut (Audit\u00f3rio)<br \/>\n<\/span><span style=\"font-weight: 400;\">10.30 \u2013 Clara de C\u00e1pua (Atelier piso -1)<\/span><\/p>\n<p><span style=\"font-weight: 400;\">11.00 \u2013 <\/span><em><span style=\"font-weight: 400;\">Pausa para caf\u00e9<\/span><\/em><\/p>\n<p><span style=\"font-weight: 400;\">11.30 \u2013 Unnur \u00d3ttarsd\u00f3ttir (Atelier)<br \/>\n<\/span><span style=\"font-weight: 400;\">12.00 \u2013 Francisco Varela (Audit\u00f3rio)<br \/>\n<\/span><span style=\"font-weight: 400;\">12.30 \u2013 Filipa Frois Almeida (Audit\u00f3rio)<br \/>\n<\/span><span style=\"font-weight: 400;\">13.00 \u2013 Cassandra Pereira (Audit\u00f3rio)<\/span><\/p>\n<p><em>(Das 11.00 \u00e0s 13.00 decorrer\u00e1 tamb\u00e9m a leitura de Portf\u00f3lios com <\/em><em>Juan Luis Toboso:<\/em><strong><em><span style=\"font-weight: 400;\"><br \/>\n<\/span><span style=\"font-weight: 400;\">Teresa Ar\u00eade, Tatiana M\u00f3es Spinelli, Monika Reut, Isabel Quaresma]<\/span><\/em><\/strong><\/p>\n<p><span style=\"font-weight: 400;\">13.30 \u2013 <\/span><em><span style=\"font-weight: 400;\">Pausa para o almo\u00e7o<\/span><\/em><\/p>\n<p><strong><em>This is Not a PhD<\/em><\/strong><strong> (continua\u00e7\u00e3o)<br \/>\n<\/strong><span style=\"font-weight: 400;\">15.30 \u2013 Isabel Quaresma (Audit\u00f3rio)<br \/>\n<\/span><span style=\"font-weight: 400;\">16.00 \u2013 Pedro Augusto (Audit\u00f3rio)<br \/>\n<\/span><span style=\"font-weight: 400;\">16.30 &#8211; Patr\u00edcia Bandeira (Audit\u00f3rio)<\/span><\/p>\n<p><span style=\"font-weight: 400;\">15.00<\/span><strong> Leitura de Portf\u00f3lios<\/strong><\/p>\n<p><span style=\"font-weight: 400;\">15.00-17.00 \u00ad\u2014 <\/span><strong>Cihan \u00c7akmak<br \/>\n<\/strong><span style=\"font-weight: 400;\">Rebecca Leal Moradalizadeh, Mariana Barrote, Filipa Frois Almeida<\/span><\/p>\n<p><span style=\"font-weight: 400;\">\u00a0<\/span><span style=\"font-weight: 400;\">15.00-17.00 \u00ad\u00ad\u2014 <\/span><strong>Mauro Cerqueira<br \/>\n<\/strong><span style=\"font-weight: 400;\">Maria Clara Buffo de Capua, Francisco Varela, Ricardo Moreira da Silva, \u00c1ngel Rodr\u00edguez, Unnur \u00d3ttarsd\u00f3ttir<\/span><\/p>\n<p><span style=\"font-weight: 400;\">17.00 \u2013 <\/span><em><span style=\"font-weight: 400;\">Pausa para caf\u00e9<\/span><\/em><\/p>\n<p><span style=\"font-weight: 400;\">17.30 <\/span><strong>Aula Aberta de Steven Jacobs, <\/strong><strong><em>Marcel Broodthaers: Films on Painting<\/em><\/strong><strong><em><br \/>\n<\/em><\/strong><strong>&lt;https:\/\/ml.virose.pt\/blogs\/seminar\/steven-jacobs\/&gt;<\/strong><strong><em><br \/>\n<\/em><\/strong><span style=\"font-weight: 400;\">&lt;<\/span><a href=\"https:\/\/research.flw.ugent.be\/en\/steven.jacobs\"><span style=\"font-weight: 400;\">https:\/\/research.flw.ugent.be\/en\/steven.jacobs<\/span><\/a><span style=\"font-weight: 400;\">&gt;<\/span><span style=\"font-weight: 400;\"><br \/>\n<\/span><span style=\"font-weight: 400;\">Audit\u00f3rio Piso Zero Coronel Pacheco<\/span><span style=\"font-weight: 400;\">\u00a0<\/span><\/p>\n<h4><span style=\"color: #ff9900;\"><strong>5\u00aa feira, dia 22 de Maio<br \/>\n<\/strong><strong>_______________________<\/strong><\/span><\/h4>\n<p><strong><em>I am Almost There<\/em><\/strong> <span style=\"font-weight: 400;\">(30 minutos cada apresenta\u00e7\u00e3o+10 minutos de discuss\u00e3o)<br \/>\n<\/span><span style=\"font-weight: 400;\">Todas as sess\u00f5es decorrem no Audit\u00f3rio<\/span><\/p>\n<p><span style=\"font-weight: 400;\">9.45 \u2013 David Lopes &#8211; <\/span><em><span style=\"font-weight: 400;\">Abordagens da Arte Contempor\u00e2nea ao Anacronismo Hist\u00f3rico \u2014 Uma investiga\u00e7\u00e3o tecnol\u00f3gica sobre calcografia e litografia portuguesa no s\u00e9culo XIX, a partir da cole\u00e7\u00e3o de cartografia impressa da Universidade do Porto<\/span><\/em><span style=\"font-weight: 400;\"> \u2014 Orienta\u00e7\u00e3o: Graciela Machado<\/span><\/p>\n<p><span style=\"font-weight: 400;\">10.20 \u2013 Oscar Malta &#8211; <\/span><em><span style=\"font-weight: 400;\">O encantamento do ver &#8211; uma pr\u00e1tica art\u00edstica contracolonial<\/span><\/em><span style=\"font-weight: 400;\"> \u2014 Orienta\u00e7\u00e3o: Rita Ra\u00ednho Co-orienta\u00e7\u00e3o: Fernando J Pereira<\/span><\/p>\n<p><span style=\"font-weight: 400;\">11.00<\/span> <span style=\"font-weight: 400;\">\u2013 <\/span><em><span style=\"font-weight: 400;\">Pausa para caf\u00e9<\/span><\/em><\/p>\n<p><span style=\"font-weight: 400;\">11.30 \u2013 Patr\u00edcia Bandeira &#8211; <\/span><em><span style=\"font-weight: 400;\">Conex\u00e3o Global: Uma viagem liminar<\/span><\/em><span style=\"font-weight: 400;\"> \u2014 Orienta\u00e7\u00e3o: Miguel Carvalhais<\/span><\/p>\n<p>12.10 <span style=\"font-weight: 400;\">\u2013 Mariana Barrote &#8211; <\/span><em><span style=\"font-weight: 400;\">Corpo a Corpo \u2014 Transformismos imagin\u00e1rios<\/span><\/em><span style=\"font-weight: 400;\"> \u2014 Orienta\u00e7\u00e3o: Miguel Leal; Co-orienta\u00e7\u00e3o: Pedro Maia<\/span><\/p>\n<p><span style=\"font-weight: 400;\">12.45 \u2013 \u00c1ngel Rodr\u00edguez &#8211; <\/span><em><span style=\"font-weight: 400;\">Pr\u00e1tica Art\u00edstica e Espa\u00e7os Perif\u00e9ricos: Cria\u00e7\u00e3o Independente em Espanha (2020\u20132024) <\/span><\/em><span style=\"font-weight: 400;\">\u2013 Orienta\u00e7\u00e3o: Juan Bautista Peir\u00f3<\/span><\/p>\n<p><span style=\"font-weight: 400;\">13.30 \u2013 <\/span><em><span style=\"font-weight: 400;\">Pausa para o almo\u00e7o<\/span><\/em><\/p>\n<p><span style=\"font-weight: 400;\">15.30 \u2013 Visita guiada com Miguel von Hafe P\u00e9rez \u00e0 exposi\u00e7\u00e3o <\/span><em><span style=\"font-weight: 400;\">Aula do Vis\u00edvel<\/span><\/em><\/p>\n<p><span style=\"font-weight: 400;\">17.00 \u2013 <\/span><em><span style=\"font-weight: 400;\">Pausa para caf\u00e9<\/span><\/em><\/p>\n<p><span style=\"font-weight: 400;\">17.30 \u2013 Elei\u00e7\u00e3o dos representantes d\u00e6s estudantes na Comiss\u00e3o de acompanhamento do DAP<br \/>\n<\/span><span style=\"font-weight: 400;\">18.00 \u2013 Encerramento e discuss\u00e3o final<\/span><\/p>\n<p><span style=\"font-weight: 400;\">20.00 \u2013 <em>Jantar<\/em><\/span><\/p>\n<h3><span style=\"color: #ff9900;\"><strong>After hours<br \/>\n<\/strong><\/span><span style=\"color: #ff9900;\"><strong>4\u00aa feira, dia 28 de Maio<br \/>\n<\/strong><strong>_______________________<\/strong><\/span><\/h3>\n<p><span style=\"font-weight: 400;\">Aula Magna da FBAUP 28 de Maio, 17.00<\/span><span style=\"font-weight: 400;\"><br \/>\n<\/span><strong>Anselm Jappe<\/strong><strong><em>, <\/em><\/strong><em><span style=\"font-weight: 400;\">Il cemento armato come arma di costruzione di massa del capitalismo. Esistono alternative?\/ O bet\u00e3o armado como arma de constru\u00e7\u00e3o em massa do capitalismo. Existem alternativas?<\/span><\/em><em><span style=\"font-weight: 400;\"><br \/>\n<\/span><\/em><span style=\"font-weight: 400;\">&lt;<\/span><a href=\"https:\/\/ml.virose.pt\/blogs\/seminar\/anselm-jappe\/\"><strong>https:\/\/ml.virose.pt\/blogs\/seminar\/anselm-jappe\/<\/strong><\/a><strong>&gt;<\/strong><span style=\"font-weight: 400;\">&lt;<\/span><a href=\"https:\/\/antigona.pt\/blogs\/autores\/anselm-jappe\"><strong>https:\/\/antigona.pt\/blogs\/autores\/anselm-jappe<\/strong><\/a><span style=\"font-weight: 400;\">&gt;<\/span><\/p>\n<p>&nbsp;<\/p>\n<p>&nbsp;<\/p>\n<p>&nbsp;<\/p>\n","protected":false},"excerpt":{"rendered":"<p>Encontro DAP Meeting #0 De pernas para o ar | Upside-down FBAUP, 20-22 + 28 Maio 2025 Salas DAP, Pra\u00e7a Coronel Pacheco, 15 Read In English PROGRAMA 3\u00aa feira, dia 20 de Maio _______________________ 9.30 \u2013 Caf\u00e9 de abertura 10.00 \u2013 Speed dating 11.00 &#8211; Pausa para caf\u00e9 This is Not a PhD (25 minutos&hellip;<\/p>\n","protected":false},"author":1,"featured_media":418,"comment_status":"closed","ping_status":"closed","sticky":false,"template":"","format":"standard","meta":[],"categories":[10],"tags":[],"_links":{"self":[{"href":"https:\/\/ml.virose.pt\/blogs\/seminar\/wp-json\/wp\/v2\/posts\/461"}],"collection":[{"href":"https:\/\/ml.virose.pt\/blogs\/seminar\/wp-json\/wp\/v2\/posts"}],"about":[{"href":"https:\/\/ml.virose.pt\/blogs\/seminar\/wp-json\/wp\/v2\/types\/post"}],"author":[{"embeddable":true,"href":"https:\/\/ml.virose.pt\/blogs\/seminar\/wp-json\/wp\/v2\/users\/1"}],"replies":[{"embeddable":true,"href":"https:\/\/ml.virose.pt\/blogs\/seminar\/wp-json\/wp\/v2\/comments?post=461"}],"version-history":[{"count":6,"href":"https:\/\/ml.virose.pt\/blogs\/seminar\/wp-json\/wp\/v2\/posts\/461\/revisions"}],"predecessor-version":[{"id":471,"href":"https:\/\/ml.virose.pt\/blogs\/seminar\/wp-json\/wp\/v2\/posts\/461\/revisions\/471"}],"wp:featuredmedia":[{"embeddable":true,"href":"https:\/\/ml.virose.pt\/blogs\/seminar\/wp-json\/wp\/v2\/media\/418"}],"wp:attachment":[{"href":"https:\/\/ml.virose.pt\/blogs\/seminar\/wp-json\/wp\/v2\/media?parent=461"}],"wp:term":[{"taxonomy":"category","embeddable":true,"href":"https:\/\/ml.virose.pt\/blogs\/seminar\/wp-json\/wp\/v2\/categories?post=461"},{"taxonomy":"post_tag","embeddable":true,"href":"https:\/\/ml.virose.pt\/blogs\/seminar\/wp-json\/wp\/v2\/tags?post=461"}],"curies":[{"name":"wp","href":"https:\/\/api.w.org\/{rel}","templated":true}]}}